{"id":750,"date":"2020-01-02T13:22:00","date_gmt":"2020-01-02T12:22:00","guid":{"rendered":"http:\/\/www.institut-liebman.be\/?p=750"},"modified":"2020-01-22T13:35:34","modified_gmt":"2020-01-22T12:35:34","slug":"enregistrement-audio-des-interventions-au-colloque-resurgences-de-lantisemitisme-realites-fictions-usages","status":"publish","type":"post","link":"https:\/\/www.institut-liebman.be\/index.php\/2020\/01\/02\/enregistrement-audio-des-interventions-au-colloque-resurgences-de-lantisemitisme-realites-fictions-usages\/","title":{"rendered":"Enregistrement audio des interventions au colloque \u00ab\u00a0R\u00e9surgences de l&rsquo;antis\u00e9mitisme. R\u00e9alit\u00e9s, fictions, usages\u00a0\u00bb"},"content":{"rendered":"\n<p> La vingtaine d\u2019interventions au colloque international \u00ab\u00a0<strong><em><a href=\"https:\/\/www.institut-liebman.be\/index.php\/2018\/10\/30\/resurgences-de-lantisemitisme-realites-fictions-usages-colloque-international-ulb-12-et-13-decembre-2018\/\">R\u00e9surgences contemporaines de l&rsquo;antis\u00e9mitisme : r\u00e9alit\u00e9s, fictions usages<\/a><\/em> \u00bb <\/strong>(d\u00e9cembre 2018, ULB) est d\u00e9sormais en ligne sur la section <a rel=\"noreferrer noopener\" href=\"https:\/\/www.institut-liebman.be\/?nltr=MjQ7MjM7aHR0cDovL3d3dy5pbnN0aXR1dC1saWVibWFuLmJlL2luZGV4LnBocC92aWRlb3MvOzs4ODEzNGY2NmRlMjAzNDRkNDJjYmRkYWJiZGM3YzljYQ%3D%3D\" target=\"_blank\">m\u00e9dias<\/a> de notre site internet. Ces enregistrements audios sont \u00e9galement disponibles sur notre chaine youtube intitul\u00e9e \u00ab\u00a0<a rel=\"noreferrer noopener\" href=\"https:\/\/www.institut-liebman.be\/?nltr=MjQ7MjM7aHR0cHM6Ly93d3cueW91dHViZS5jb20vY2hhbm5lbC9VQ1Zaa1pWUm9HN2g1Zjlkd1NGXy1GRFEvcGxheWxpc3RzOztmOWZlMDExY2RhYTZmZGI4OWYwODQ2ZTNlYjNjMTc5MQ%3D%3D\" target=\"_blank\">Colloques-conf\u00e9rences Replay<\/a> \u00bb.  <\/p>\n\n\n\n<figure class=\"wp-block-image size-large\"><img loading=\"lazy\" decoding=\"async\" width=\"722\" height=\"1024\" src=\"https:\/\/www.institut-liebman.be\/wp-content\/uploads\/2018\/10\/Flyer_A5_Colloque-International_web32-722x1024.jpg\" alt=\"\" class=\"wp-image-567\" srcset=\"https:\/\/www.institut-liebman.be\/wp-content\/uploads\/2018\/10\/Flyer_A5_Colloque-International_web32-722x1024.jpg 722w, https:\/\/www.institut-liebman.be\/wp-content\/uploads\/2018\/10\/Flyer_A5_Colloque-International_web32-211x300.jpg 211w, https:\/\/www.institut-liebman.be\/wp-content\/uploads\/2018\/10\/Flyer_A5_Colloque-International_web32-768x1090.jpg 768w, https:\/\/www.institut-liebman.be\/wp-content\/uploads\/2018\/10\/Flyer_A5_Colloque-International_web32-200x284.jpg 200w, https:\/\/www.institut-liebman.be\/wp-content\/uploads\/2018\/10\/Flyer_A5_Colloque-International_web32.jpg 1748w\" sizes=\"auto, (max-width: 722px) 100vw, 722px\" \/><\/figure>\n","protected":false},"excerpt":{"rendered":"<p>La vingtaine d\u2019interventions au colloque international \u00ab\u00a0R\u00e9surgences contemporaines de l&rsquo;antis\u00e9mitisme : r\u00e9alit\u00e9s, fictions usages \u00bb (d\u00e9cembre 2018, ULB) est d\u00e9sormais en ligne sur la section m\u00e9dias de notre site internet. Ces enregistrements audios sont \u00e9galement disponibles sur notre chaine youtube intitul\u00e9e \u00ab\u00a0Colloques-conf\u00e9rences Replay \u00bb.<\/p>\n","protected":false},"author":3,"featured_media":558,"comment_status":"closed","ping_status":"open","sticky":false,"template":"","format":"standard","meta":{"footnotes":""},"categories":[10,7],"tags":[118,15,122,93,108,114,99,123,110,113,57,121,17,105,109,115,21,106,48,16,111,107,117,112,119,54,116,120,103],"class_list":["post-750","post","type-post","status-publish","format-standard","has-post-thumbnail","hentry","category-actualites","category-videos","tag-andrea-rea","tag-antisemitisme","tag-bds","tag-corbyn","tag-critique-de-la-valeur","tag-esther-benbassa","tag-extreme-droite","tag-france","tag-francois-dubuisson","tag-gilbert-achcar","tag-grande-bretagne","tag-ihra","tag-israel","tag-ivan-segre","tag-jacques-aron","tag-jamie-stern-weiner","tag-jean-vogel","tag-julien-salingue","tag-ken-loach","tag-labour","tag-manuel-abramovizc","tag-marcel-stoetzler","tag-mark-elchardus","tag-michel-dreyfus","tag-muriel-sacco","tag-palestine","tag-patrick-charlier","tag-simone-susskind","tag-vincent-engel"],"_links":{"self":[{"href":"https:\/\/www.institut-liebman.be\/index.php\/wp-json\/wp\/v2\/posts\/750","targetHints":{"allow":["GET"]}}],"collection":[{"href":"https:\/\/www.institut-liebman.be\/index.php\/wp-json\/wp\/v2\/posts"}],"about":[{"href":"https:\/\/www.institut-liebman.be\/index.php\/wp-json\/wp\/v2\/types\/post"}],"author":[{"embeddable":true,"href":"https:\/\/www.institut-liebman.be\/index.php\/wp-json\/wp\/v2\/users\/3"}],"replies":[{"embeddable":true,"href":"https:\/\/www.institut-liebman.be\/index.php\/wp-json\/wp\/v2\/comments?post=750"}],"version-history":[{"count":1,"href":"https:\/\/www.institut-liebman.be\/index.php\/wp-json\/wp\/v2\/posts\/750\/revisions"}],"predecessor-version":[{"id":752,"href":"https:\/\/www.institut-liebman.be\/index.php\/wp-json\/wp\/v2\/posts\/750\/revisions\/752"}],"wp:featuredmedia":[{"embeddable":true,"href":"https:\/\/www.institut-liebman.be\/index.php\/wp-json\/wp\/v2\/media\/558"}],"wp:attachment":[{"href":"https:\/\/www.institut-liebman.be\/index.php\/wp-json\/wp\/v2\/media?parent=750"}],"wp:term":[{"taxonomy":"category","embeddable":true,"href":"https:\/\/www.institut-liebman.be\/index.php\/wp-json\/wp\/v2\/categories?post=750"},{"taxonomy":"post_tag","embeddable":true,"href":"https:\/\/www.institut-liebman.be\/index.php\/wp-json\/wp\/v2\/tags?post=750"}],"curies":[{"name":"wp","href":"https:\/\/api.w.org\/{rel}","templated":true}]}}