{"id":389,"date":"2018-01-25T12:04:34","date_gmt":"2018-01-25T11:04:34","guid":{"rendered":"http:\/\/www.institut-liebman.be\/?p=389"},"modified":"2018-09-25T12:07:44","modified_gmt":"2018-09-25T10:07:44","slug":"marcel-liebman-destin-de-la-social-democratie-belge-ed-samsa-2018","status":"publish","type":"post","link":"https:\/\/www.institut-liebman.be\/index.php\/2018\/01\/25\/marcel-liebman-destin-de-la-social-democratie-belge-ed-samsa-2018\/","title":{"rendered":"Marcel Liebman, Destin de la social-d\u00e9mocratie belge, \u00e9d. Samsa, 2018"},"content":{"rendered":"<p><span id=\"fbPhotoSnowliftCaption\" class=\"fbPhotosPhotoCaption\" tabindex=\"0\" aria-live=\"polite\" data-ft=\"{&quot;tn&quot;:&quot;K&quot;}\"><span class=\"hasCaption\">Marcel Liebman, <em>Destin de la social-d\u00e9mocratie belge<\/em>, recueil de textes in\u00e9dits r\u00e9unis par Jean Vogel, \u00e9ditions Samsa, 2018<br \/>\n<\/span><\/span><\/p>\n<p>\u00ab Il se fait que la cause du socialisme a besoin d\u2019une articulation politique, et que cette articulation politique, bien que ne relevant pas exclusivement des partis, n\u00e9cessite n\u00e9anmoins l\u2019instrument d\u2019un parti. Aussi utiles et efficaces que puissent \u00eatre d\u2019autres \u00e9l\u00e9ments de pression dans le syst\u00e8me politique \u2013 les syndicats, les mouvements de femmes, de Noirs, les \u00e9cologistes, les militants pour la paix et beaucoup d\u2019autres \u2013 ils ne peuvent pas ni, pour la plupart, ne souhaitent remplir la t\u00e2che principale des partis socialistes, qui consiste \u00e0 injecter un \u00ab courant de tendance socialiste \u00bb, par la parole et par l\u2019action, dans le syst\u00e8me politique et culturel de leurs soci\u00e9t\u00e9s. Ces partis sont bien s\u00fbr concern\u00e9s par les questions imm\u00e9diates, les griefs et les revendications, mais ils sont aussi, au-del\u00e0 de cela, concern\u00e9s par la dissolution effective des structures de pouvoir de la soci\u00e9t\u00e9 capitaliste et leur remplacement par un ordre social fondamentalement diff\u00e9rent, bas\u00e9 sur la propri\u00e9t\u00e9 sociale et le contr\u00f4le des principaux moyens de l\u2019activit\u00e9 \u00e9conomique, et gouvern\u00e9 par des principes de coop\u00e9ration, de libert\u00e9 civique, d\u2019\u00e9galitarisme et des arrangements d\u00e9mocratiques de loin sup\u00e9rieurs aux structures \u00e9troitement conditionn\u00e9es par une logique de classe de la d\u00e9mocratie capitaliste.<br \/>\nDe nombreux partis de la gauche ont pr\u00e9conis\u00e9 ces principes au fil des ans. Pour les raisons mentionn\u00e9es ci-dessus, ils ont \u00e9galement souffert de grandes faiblesses, qui ont r\u00e9duit ou annul\u00e9 leur efficacit\u00e9. Au plus vite ces faiblesses seront affront\u00e9es et surmont\u00e9es, meilleures seront les perspectives de la progression socialiste. \u00bb<\/p>\n<p><span id=\"fbPhotoSnowliftCaption\" class=\"fbPhotosPhotoCaption\" tabindex=\"0\" aria-live=\"polite\" data-ft=\"{&quot;tn&quot;:&quot;K&quot;}\"><span class=\"hasCaption\"> En vente \u00e0 l&rsquo;Institut Marcel Liebman au prix de 24 euros. Contactez-nous par mail <a href=\"mailto:institut.liebman@ulb.ac.be\">institut.liebman@ulb.ac.be<\/a><\/span><\/span><\/p>\n","protected":false},"excerpt":{"rendered":"<p>Marcel Liebman, Destin de la social-d\u00e9mocratie belge, recueil de textes in\u00e9dits r\u00e9unis par Jean Vogel, \u00e9ditions Samsa, 2018 \u00ab Il se fait que la cause du socialisme a besoin d\u2019une articulation politique, et que cette articulation politique, bien que ne relevant pas exclusivement des partis, n\u00e9cessite n\u00e9anmoins l\u2019instrument d\u2019un parti. Aussi utiles et efficaces que puissent \u00eatre d\u2019autres \u00e9l\u00e9ments de pression dans le syst\u00e8me politique \u2013 les syndicats, les mouvements de femmes, de Noirs, les \u00e9cologistes, les militants pour la<\/p>\n","protected":false},"author":3,"featured_media":390,"comment_status":"closed","ping_status":"open","sticky":false,"template":"","format":"standard","meta":{"footnotes":""},"categories":[10,6],"tags":[45,41,21,22,43,44,19,56],"class_list":["post-389","post","type-post","status-publish","format-standard","has-post-thumbnail","hentry","category-actualites","category-publications","tag-belgique","tag-histoire","tag-jean-vogel","tag-marcel-liebman","tag-mouvement-ouvrier","tag-social-democratie","tag-socialisme","tag-syndicalisme"],"_links":{"self":[{"href":"https:\/\/www.institut-liebman.be\/index.php\/wp-json\/wp\/v2\/posts\/389","targetHints":{"allow":["GET"]}}],"collection":[{"href":"https:\/\/www.institut-liebman.be\/index.php\/wp-json\/wp\/v2\/posts"}],"about":[{"href":"https:\/\/www.institut-liebman.be\/index.php\/wp-json\/wp\/v2\/types\/post"}],"author":[{"embeddable":true,"href":"https:\/\/www.institut-liebman.be\/index.php\/wp-json\/wp\/v2\/users\/3"}],"replies":[{"embeddable":true,"href":"https:\/\/www.institut-liebman.be\/index.php\/wp-json\/wp\/v2\/comments?post=389"}],"version-history":[{"count":1,"href":"https:\/\/www.institut-liebman.be\/index.php\/wp-json\/wp\/v2\/posts\/389\/revisions"}],"predecessor-version":[{"id":391,"href":"https:\/\/www.institut-liebman.be\/index.php\/wp-json\/wp\/v2\/posts\/389\/revisions\/391"}],"wp:featuredmedia":[{"embeddable":true,"href":"https:\/\/www.institut-liebman.be\/index.php\/wp-json\/wp\/v2\/media\/390"}],"wp:attachment":[{"href":"https:\/\/www.institut-liebman.be\/index.php\/wp-json\/wp\/v2\/media?parent=389"}],"wp:term":[{"taxonomy":"category","embeddable":true,"href":"https:\/\/www.institut-liebman.be\/index.php\/wp-json\/wp\/v2\/categories?post=389"},{"taxonomy":"post_tag","embeddable":true,"href":"https:\/\/www.institut-liebman.be\/index.php\/wp-json\/wp\/v2\/tags?post=389"}],"curies":[{"name":"wp","href":"https:\/\/api.w.org\/{rel}","templated":true}]}}