{"id":382,"date":"2011-09-25T11:34:51","date_gmt":"2011-09-25T09:34:51","guid":{"rendered":"http:\/\/www.institut-liebman.be\/?p=382"},"modified":"2018-09-25T11:46:48","modified_gmt":"2018-09-25T09:46:48","slug":"marcel-liebman-ne-juif-une-famille-juive-pendant-la-guerre","status":"publish","type":"post","link":"https:\/\/www.institut-liebman.be\/index.php\/2011\/09\/25\/marcel-liebman-ne-juif-une-famille-juive-pendant-la-guerre\/","title":{"rendered":"Marcel LIEBMAN, N\u00c9 JUIF. Une famille juive pendant la guerre"},"content":{"rendered":"<h4><strong>Marcel LIEBMAN, <\/strong><strong><em>N\u00c9 JUIF. <\/em><\/strong><strong>Une famille juive pendant la guerre, \u00e9dition Aden, Bruxelles, <span style=\"color: #000000;\">2011, 208p.<br \/>\n<\/span><br \/>\n<\/strong><\/h4>\n<h4><strong><em>Pr\u00e9face de Pierre Vidal-Naquet<\/em><\/strong><\/h4>\n<h4><strong><em>\u00ab\u00a0Les voil\u00e0 donc ces ombres mortes\u00a0; les voil\u00e0 mes fant\u00f4mes surgis du pass\u00e9 o\u00f9 je pouvais les croire tapis pour toujours\u2026 Mon r\u00e9cit r\u00e9agit, \u00e0 sa mani\u00e8re, contre le travestissement de l\u2019histoire dont on veut faire dispara\u00eetre les crimes des uns, les complicit\u00e9s des autres et la lucidit\u00e9 ou l\u2019esprit de refus et de r\u00e9sistance qui r\u00e9pliquaient aux trahisons et aux d\u00e9missions\u00a0\u00bb.<\/em><\/strong><\/h4>\n<p>Le r\u00e9cit par Marcel Liebman de son enfance \u00e0 Bruxelles pendant l\u2019occupation nazie a \u00e9t\u00e9 salu\u00e9 par toute la critique lors de sa premi\u00e8re parution en 1977. Il a gard\u00e9 toute sa force dans l\u2019\u00e9vocation du combat pour la survie men\u00e9 par sa famille face \u00e0 la pers\u00e9cution, \u00e0 la terreur et \u00e0 une errance ininterrompue. Ses souvenirs empreints de violence sont \u00e0 la fois nostalgiques et accusateurs.<\/p>\n<p>En d\u00e9crivant avec humour et \u00e9motion un monde de pourchass\u00e9s qui se terrent, de r\u00e9sistants qui combattent, de \u00ab\u00a0collabos\u00a0\u00bb qui guettent et qui d\u00e9noncent, Marcel Liebman illustre la guerre de classe int\u00e9rieure qui fut pendant longtemps dissimul\u00e9e par l\u2019histoire officielle \u2013 comment la pers\u00e9cution nazie a exploit\u00e9 les distinctions de classe au sein de la communaut\u00e9 juive et comment certains notables juifs collabor\u00e8rent de fa\u00e7on syst\u00e9matique \u00e0 la d\u00e9nonciation et \u00e0 la d\u00e9portation des Juifs immigr\u00e9s d\u00e9pourvus des privil\u00e8ges de la richesse et de la citoyennet\u00e9.<\/p>\n<p>Mais <em>N\u00e9 Juif<\/em> doit aussi \u00eatre relu \u00e0 la lumi\u00e8re des \u00e9v\u00e9nements au Proche-Orient. Car Marcel Liebman, disparu en 1986, ne pouvait s\u00e9parer sa propre exp\u00e9rience de pers\u00e9cut\u00e9 du sort r\u00e9serv\u00e9 au peuple palestinien. Pr\u00e9curseur oubli\u00e9 du dialogue isra\u00e9lo-palestinien, on retrouve, dans ce <em>N\u00e9 Juif<\/em>, la figure l\u2019intellectuel critique et intransigeant qu\u2019il fut comme historien, enseignant ou militant.<\/p>\n<p>Le\u00a0 livre est en vente aupr\u00e8s des \u00e9ditions Aden au prix de 20 euros. Achat\u00a0 en ligne : <a href=\"http:\/\/www.aden.be\/index.php?aden=ne-juif\">http:\/\/www.aden.be\/index.php?aden=ne-juif<\/a> ou \u00e0 la librairie Joli Mai :\u00a0<span class=\"LrzXr\">Rue de Roumanie 28, 1060 Saint-Gilles<\/span>.<\/p>\n<p>&nbsp;<\/p>\n","protected":false},"excerpt":{"rendered":"<p>Marcel LIEBMAN, N\u00c9 JUIF. Une famille juive pendant la guerre, \u00e9dition Aden, Bruxelles, 2011, 208p. Pr\u00e9face de Pierre Vidal-Naquet \u00ab\u00a0Les voil\u00e0 donc ces ombres mortes\u00a0; les voil\u00e0 mes fant\u00f4mes surgis du pass\u00e9 o\u00f9 je pouvais les croire tapis pour toujours\u2026 Mon r\u00e9cit r\u00e9agit, \u00e0 sa mani\u00e8re, contre le travestissement de l\u2019histoire dont on veut faire dispara\u00eetre les crimes des uns, les complicit\u00e9s des autres et la lucidit\u00e9 ou l\u2019esprit de refus et de r\u00e9sistance qui r\u00e9pliquaient aux trahisons et aux<\/p>\n","protected":false},"author":3,"featured_media":383,"comment_status":"closed","ping_status":"open","sticky":false,"template":"","format":"standard","meta":{"footnotes":""},"categories":[6],"tags":[15,45,23,55,41,22,66],"class_list":["post-382","post","type-post","status-publish","format-standard","has-post-thumbnail","hentry","category-publications","tag-antisemitisme","tag-belgique","tag-biographie","tag-fascisme","tag-histoire","tag-marcel-liebman","tag-vidal-naquet"],"_links":{"self":[{"href":"https:\/\/www.institut-liebman.be\/index.php\/wp-json\/wp\/v2\/posts\/382","targetHints":{"allow":["GET"]}}],"collection":[{"href":"https:\/\/www.institut-liebman.be\/index.php\/wp-json\/wp\/v2\/posts"}],"about":[{"href":"https:\/\/www.institut-liebman.be\/index.php\/wp-json\/wp\/v2\/types\/post"}],"author":[{"embeddable":true,"href":"https:\/\/www.institut-liebman.be\/index.php\/wp-json\/wp\/v2\/users\/3"}],"replies":[{"embeddable":true,"href":"https:\/\/www.institut-liebman.be\/index.php\/wp-json\/wp\/v2\/comments?post=382"}],"version-history":[{"count":1,"href":"https:\/\/www.institut-liebman.be\/index.php\/wp-json\/wp\/v2\/posts\/382\/revisions"}],"predecessor-version":[{"id":384,"href":"https:\/\/www.institut-liebman.be\/index.php\/wp-json\/wp\/v2\/posts\/382\/revisions\/384"}],"wp:featuredmedia":[{"embeddable":true,"href":"https:\/\/www.institut-liebman.be\/index.php\/wp-json\/wp\/v2\/media\/383"}],"wp:attachment":[{"href":"https:\/\/www.institut-liebman.be\/index.php\/wp-json\/wp\/v2\/media?parent=382"}],"wp:term":[{"taxonomy":"category","embeddable":true,"href":"https:\/\/www.institut-liebman.be\/index.php\/wp-json\/wp\/v2\/categories?post=382"},{"taxonomy":"post_tag","embeddable":true,"href":"https:\/\/www.institut-liebman.be\/index.php\/wp-json\/wp\/v2\/tags?post=382"}],"curies":[{"name":"wp","href":"https:\/\/api.w.org\/{rel}","templated":true}]}}