{"id":1238,"date":"2023-11-30T23:45:45","date_gmt":"2023-11-30T22:45:45","guid":{"rendered":"http:\/\/www.institut-liebman.be\/?p=1238"},"modified":"2023-11-30T23:45:46","modified_gmt":"2023-11-30T22:45:46","slug":"appel-a-dons-2023","status":"publish","type":"post","link":"https:\/\/www.institut-liebman.be\/index.php\/2023\/11\/30\/appel-a-dons-2023\/","title":{"rendered":"Appel \u00e0 dons 2023"},"content":{"rendered":"\n<p>L\u2019Institut organise les chaires annuelles Marcel Liebman, de nombreux s\u00e9minaires, colloques, congr\u00e8s et autres manifestations. Nous \u00e9ditons \u00e9galement des livres, des documents, actes de conf\u00e9rence et nous collaborons \u00e9galement intensivement au projet CREATION-Factori (sur l\u2019histoire et la m\u00e9moire ouvri\u00e8re dans le bassin de Charleroi Hainaut-Sud, voir plus bas) et au <em>Dictionnaire biographique du Mouvement ouvrier<\/em> en ligne. Nous assurons enfin la gestion de la biblioth\u00e8que de l\u2019Institut, qui a fusionn\u00e9 avec celle du <em>Centre d\u2019Histoire et de Sociologie des Gauches<\/em>, et dont le noyau est constitu\u00e9 par les livres ayant appartenu \u00e0 Marcel Liebman. Notre biblioth\u00e8que comprend actuellement pr\u00e8s de 3000 ouvrages. L\u2019ensemble de nos activit\u00e9s peut \u00eatre consult\u00e9 sur notre site web : <a href=\"https:\/\/www.institut-liebman.be\">www.institut-liebman.be<\/a>, qui contient \u00e9galement des textes num\u00e9ris\u00e9s de Marcel Liebman, en acc\u00e8s libre.<\/p>\n\n\n\n<p>Toutes ces activit\u00e9s repr\u00e9sentent d\u2019importantes d\u00e9penses. Pour y faire face, <span style=\"text-decoration: underline;\">nous d\u00e9pendons de ressources financi\u00e8res aliment\u00e9es par les cotisations de nos membres ainsi que par les dons annuels vers\u00e9s par nos membres et sympathisants sur le compte \u00ab Fonds Liebman \u00bb ouvert \u00e0 l\u2019ULB.<\/span><\/p>\n\n\n\n<p><strong><em>Nous comptons par cons\u00e9quent sur votre soutien indispensable pour nous aider \u00e0 poursuivre notre action. <\/em><\/strong><strong><em>Pour ce faire nous vous demandons de bien vouloir verser vos dons pour cette ann\u00e9e 2023 sur le compte&nbsp;:<\/em><\/strong><strong> <\/strong><strong><em><\/em><\/strong><\/p>\n\n\n\n<p class=\"has-text-align-center\"><strong><em><u>Universit\u00e9 Libre de Bruxelles BE68 3100 1504 9234<\/u><\/em><\/strong><strong><em><u><\/u><\/em><\/strong><\/p>\n\n\n\n<p class=\"has-text-align-center\"><strong><em><u>en mentionnant dans la rubrique \u00ab Communication \u00bb&nbsp;:<\/u><\/em><\/strong><\/p>\n\n\n\n<p class=\"has-text-align-center\"><strong><em><u>DON F. LIEBMAN LB 5.F03.Y000164<\/u><\/em><\/strong><\/p>\n\n\n\n<p class=\"has-text-align-center\"><em>(la mention de la communication est&nbsp;indispensable).<\/em><\/p>\n\n\n\n<p>Nous vous rappelons que tout versement \u00e9gal ou sup\u00e9rieur \u00e0 40,00 \u20ac sur ce compte b\u00e9n\u00e9ficie de l\u2019exon\u00e9ration fiscale directement appliqu\u00e9e par l\u2019administration fiscale.&nbsp;<strong><em><\/em><\/strong><\/p>\n\n\n\n<p>Esteban Martinez,&nbsp;&nbsp;&nbsp;&nbsp;&nbsp;&nbsp;&nbsp; &nbsp;&nbsp;&nbsp;Mateo Alaluf et Henri Hurwitz,&nbsp;&nbsp; &nbsp;&nbsp;&nbsp;&nbsp;&nbsp;&nbsp;&nbsp;&nbsp;&nbsp;&nbsp;Aline Bingen,&nbsp;&nbsp;&nbsp;&nbsp;&nbsp;&nbsp; &nbsp;&nbsp;&nbsp;&nbsp;&nbsp;&nbsp;&nbsp;&nbsp; Francine Bolle,<\/p>\n\n\n\n<p>\u00a0 Pr\u00e9sident \u00a0\u00a0\u00a0\u00a0\u00a0\u00a0\u00a0\u00a0\u00a0\u00a0\u00a0\u00a0\u00a0\u00a0\u00a0\u00a0 \u00a0\u00a0\u00a0\u00a0\u00a0         Vice-pr\u00e9sidents\u00a0\u00a0\u00a0\u00a0\u00a0\u00a0\u00a0\u00a0\u00a0\u00a0\u00a0\u00a0\u00a0\u00a0\u00a0\u00a0 \u00a0\u00a0\u00a0\u00a0\u00a0\u00a0\u00a0\u00a0\u00a0\u00a0\u00a0\u00a0\u00a0\u00a0 \u00a0\u00a0\u00a0Tr\u00e9sori\u00e8re\u00a0\u00a0\u00a0\u00a0\u00a0\u00a0\u00a0\u00a0\u00a0\u00a0\u00a0\u00a0\u00a0 \u00a0\u00a0\u00a0 \u00a0\u00a0\u00a0\u00a0\u00a0\u00a0Coordinatrice<\/p>\n\n\n\n<p><\/p>\n\n\n\n<p class=\"has-text-align-center\"><strong>APER\u00c7U DE NOS ACTIVIT\u00c9S R\u00c9CENTES ET \u00c0 VENIR<\/strong><\/p>\n\n\n\n<p><strong><u>Au cours de l\u2019ann\u00e9e acad\u00e9mique 2022-2023, nous avons organis\u00e9<\/u><\/strong><strong>&nbsp;:<\/strong><\/p>\n\n\n\n<ul class=\"wp-block-list\"><li>Le mardi 6 d\u00e9cembre 2022 (18h-20h), une conf\u00e9rence-d\u00e9bat \u00e0 l\u2019Universit\u00e9 libre de Bruxelles sur le th\u00e8me \u00ab\u00a0<strong><em>La NUPES (union de la gauche) a-t-elle un avenir en Europe ?<\/em><\/strong>\u00a0\u00bb avec <strong>Manon Aubry<\/strong> (D\u00e9put\u00e9e europ\u00e9enne de La France insoumise et copr\u00e9sidente du Groupe de la Gauche au Parlement europ\u00e9en) et<strong> Edouard Delruelle<\/strong> (professeur de philosophie politique \u00e0 l\u2019Universit\u00e9 de Li\u00e8ge et pr\u00e9sident de l\u2019Union Nationale des Mutualit\u00e9s Socialistes \u2013 Solidaris, auteur d\u2019un ouvrage r\u00e9cent \u00ab Dis c\u2019est quoi le socialisme ? \u00bb (paru \u00e0 La Renaissance du Livre). Le d\u00e9bat a \u00e9t\u00e9 par <strong>Mateo Alaluf<\/strong> (prof. honoraire de l\u2019ULB, Vice-pr\u00e9sident de l\u2019Institut Marcel Liebman)\u00a0;<\/li><li>Du\u00a08 au 16 f\u00e9vrier 2023, le <strong>premier \u00e9v\u00e8nement grand public du projet \u00ab\u00a0CREATION-Factori\u00a0\u00bb<\/strong> (Centre de Ressources, d\u2019Animation et d\u2019innovation sur le Travail, l\u2019histoire sociale, l\u2019Insertion et la reconversion) \u00e0 Charleroi, portant sur l\u2019<strong>histoire et la m\u00e9moire ouvri\u00e8re dans la r\u00e9gion de Charleroi<\/strong>. Cet \u00e9v\u00e9nement a pris la forme d\u2019un festival se d\u00e9roulant sur plusieurs jours et proposant diverses activit\u00e9s (une journ\u00e9e d\u2019\u00e9tude, deux expositions, deux balades historiques guid\u00e9es, des animations socio-culturelles, un cin\u00e9-d\u00e9bat, une pi\u00e8ce de th\u00e9\u00e2tre, etc.) coconstruites avec les acteurs de terrain et impliquant de multiples partenaires issus du monde de la recherche, des archives et de l\u2019\u00e9ducation permanente (e.a. le Centre Metices de l\u2019ULB, TRANSFO, le Carhop, le Bois du Cazier, Cenforsoc, la Funoc, etc. etc.). Notre coordinatrice, Francine Bolle, est intervenue lors de la journ\u00e9e d\u2019\u00e9tude dans la section \u00ab\u00a0historique\u00a0\u00bb (pr\u00e9sid\u00e9e par Jean Faniel, GRACOS, CRISP) sur le th\u00e8me de <em>La r\u00e9volte au Moulin de Marchienne de f\u00e9vrier 1867. <\/em>Elle a \u00e9galement \u00e9t\u00e9 interview\u00e9e sur ce th\u00e8me dans l\u2019\u00e9mission<em>\u00a0Un jour dans l\u2019histoire<\/em> de Laurent Dehossay, diffus\u00e9e sur La Premi\u00e8re RTBF radio\u00a0: <a href=\"https:\/\/auvio.rtbf.be\/media\/un-jour-dans-l-histoire-un-jour-dans-l-histoire-2996265\">https:\/\/auvio.rtbf.be\/media\/un-jour-dans-l-histoire-un-jour-dans-l-histoire-2996265<\/a>). Toujours dans le cadre du projet CREATION, nous avons activement particip\u00e9 \u00e0 la mise en place d\u2019un site internet et d\u2019une plateforme collaborative dans le cadre du projet \u00ab\u00a0CREATION-Factori\u00a0\u00bb (avec le soutien de l\u2019IBEFE Hainaut-Sud)\u00a0: <a href=\"https:\/\/factori-creation.ohmedias.pro\/\">https:\/\/factori-creation.ohmedias.pro\/<\/a> .<\/li><li>\u00c0 la suite du Festival de f\u00e9vrier 2023, un <strong>premier parcours historique immersif g\u00e9olocalis\u00e9 <\/strong>a \u00e9t\u00e9 r\u00e9alis\u00e9 avec le soutien de La Wallonie, sur base de la balade cont\u00e9e sur \u00ab\u00a0La r\u00e9volte au moulin de Marchienne\u00a0\u00bb. Il a \u00e9t\u00e9 mis en ligne sur l\u2019application de balades audio g\u00e9olocalis\u00e9es ECHOES (<a href=\"https:\/\/explore.echoes.xyz\/profiles\/echoes\">https:\/\/explore.echoes.xyz\/profiles\/echoes<\/a>) t\u00e9l\u00e9chargeable gratuitement sur smartphone\/Iphone. Le parcours propose quatre points d&rsquo;\u00e9coute (+\/-25 minutes, \u00e9coute et d\u00e9placements d&rsquo;un point \u00e0 l&rsquo;autre compris).<\/li><li>Le vendredi 17 f\u00e9vrier 2023 de 14h \u00e0 17h \u00e0 l&rsquo;ULB, l\u2019Institut Marcel Liebman a co-organis\u00e9 avec la GEME (Grande \u00e9dition Marx &amp; Engels) un s\u00e9minaire autour de la parution aux \u00c9ditions Sociales du premier volume de la traduction des <strong>articles de Marx et Engels <\/strong>pour le quotidien am\u00e9ricain, <strong><em>The New-York Daily Tribune <\/em><\/strong>(1851-1852), orateurs.trices : Alexia Blin, Alexandre Feron et Marion Leclair.<\/li><li>Du 13 au 15 mars 2023, la <strong>Chaire Marcel Liebman<\/strong> a \u00e9t\u00e9 occup\u00e9e par <strong>Eric Aunoble <\/strong>(Professeur \u00e0 l\u2019Universit\u00e9 de Gen\u00e8ve, sp\u00e9cialiste de l\u2019histoire de la Russie et de l\u2019Ukraine). Exceptionnellement dispens\u00e9e sous le format de trois le\u00e7ons de 2h30 chacune, la Chaire a trait\u00e9 des \u00ab\u00a0<strong><em>Conflits m\u00e9moriels entre l\u2019Ukraine et la Russie, histoire et actualit\u00e9<\/em><\/strong>\u00a0\u00bb\u00a0;<\/li><li><strong><em>Retours sur une exp\u00e9rimentation de \u00ab conf\u00e9d\u00e9ralisme d\u00e9mocratique \u00bb dans un contexte de guerre. Mythes et r\u00e9alit\u00e9s<\/em><\/strong><em>\u00ab\u00a0, avec comme intervenant.es\u00a0: <\/em><strong>Hamit Bozarslan<\/strong> (EHESS)\u00a0; <strong>Edouard Jourdain<\/strong> (EHESS) ;\u00a0<strong>Jan Yasin Sunca<\/strong> (Universit\u00e9 de Bielfeld)\u00a0; <strong>India\u00a0Ledeganck<\/strong> (Doctorant F.R.S-FNRS, UCLouvain)\u00a0; <strong>Somayeh Rostampour<\/strong> (Doctorante, Universit\u00e9 Paris 8)\u00a0et <strong>Sarah Marcha<\/strong> (membre du Centre de Jineoloj\u00ee). Cet \u00e9v\u00e9nement \u00e9tait initialement pr\u00e9vu le samedi 17 d\u00e9cembre 2022 mais d\u00fb \u00eatre report\u00e9 \u00e0 une date ult\u00e9rieure en raison de l\u2019interruption prolong\u00e9e de la circulation des trains entre Paris et Bruxelles.<\/li><li><\/li><\/ul>\n\n\n\n<p><em>Plusieurs de nos conf\u00e9rences ont fait l\u2019objet de vid\u00e9os <strong>disponibles dans la rubrique m\u00e9dia de notre site internet <\/strong>et <strong>sur notre chaine YouTube<\/strong> \u00ab<\/em><a href=\"https:\/\/www.youtube.com\/@colloques-conferencesrepla3431\" target=\"_blank\" rel=\"noreferrer noopener\">Colloques-conf\u00e9rences Replay<\/a>\u00bb.<\/p>\n\n\n\n<p><strong><u>Activit\u00e9s \u00e0 venir&nbsp;:<\/u><\/strong><\/p>\n\n\n\n<ul class=\"wp-block-list\"><li>Le 2 d\u00e9cembre 2023 (13h30-18h), \u00e0 l\u2019occasion du centenaire de la naissance d\u2019Ernest Mandel, nous coorganisons -avec la Formation L\u00e9on Lesoil, les Conf\u00e9rences E. Mandel Lezingen et les Jeunes anticapitalistes- une apr\u00e8s-midi de conf\u00e9rences-d\u00e9bats consacr\u00e9es \u00e0 <strong><em>Ernest Mandel, penseur du possible ? Actualit\u00e9 et perspectives, apports et limites<\/em><\/strong>. Programme :<ul><li><em>\u00a0R\u00e9formes et r\u00e9volution : L&rsquo;exp\u00e9rience belge du contr\u00f4le ouvrier et des r\u00e9formes de structure anticapitalistes<\/em>, par <strong>Mateo Alaluf<\/strong> (sociologue, ULB). Discutant : <strong>Vincent Scheltiens Ortigosa<\/strong> (historien, UAntwerpen)<\/li><li><em>\u00a0Et apr\u00e8s ?&#8230; La transition au socialisme en question<\/em>, par <strong>Catherine Samary<\/strong> (chercheuse en \u00e9conomie politique, sp\u00e9cialiste de l&rsquo;ex-Yougoslavie). Discutante : <strong>M\u00e9lodie Vandelook<\/strong> (philosophe, ULi\u00e8ge)<\/li><li><em>\u00a0Repenser la r\u00e9volution \u00e0 l\u2019\u00e8re de la destruction \u00e9cologique et sociale<\/em> par <strong>Michael L\u00f6wy<\/strong> (sociologue, Paris). Discutante : <strong>Clara Seynaeve<\/strong> (\u00e9conomiste, UCLouvain)<\/li><\/ul><\/li><li>Le 2 mars 2024, nous reprogrammerons notre journ\u00e9e d\u2019\u00e9tude -initialement pr\u00e9vue le samedi 14 octobre 2023 sur <strong><em>Les instrumentalisation de l\u2019antis\u00e9mitisme par l\u2019\u00e9tat d\u2019Isra\u00ebl<\/em><\/strong> &#8211; que nous avons d\u00e9cid\u00e9 de reporter dans le contexte des attaques du Hamas du 7 octobre, estimant que notre rencontre ne pourrait se focaliser sur le th\u00e8me que nous nous \u00e9tions fix\u00e9s mais serait immanquablement d\u00e9port\u00e9e sur le conflit lui-m\u00eame. Le programme du colloque du 2 mars n\u2019est pas encore d\u00e9finitivement arr\u00eat\u00e9, mais la plupart des intervenant.es qui \u00e9taient pr\u00e9vus dans la <a href=\"https:\/\/www.institut-liebman.be\/index.php\/2023\/09\/06\/antisemitisme-combattre-le-feu-avec-le-pyromane-ou-comment-israel-instrumentalise-lantisemitisme-journee-detude-14-octobre-2023-ulb\/\" target=\"_blank\" rel=\"noreferrer noopener\">version initiale du 14 octobre 2023<\/a> devraient participer \u00e0 la journ\u00e9e d\u2019\u00e9tude du 2 mars 2024.<\/li><li>Le 15 mars 2024, l\u2019Institut participera -avec le Centre d\u2019Histoire et de Sociologies des Gauches, l\u2019unit\u00e9 de recherche Mondes moderne et contemporain (ULB), la Fondation Jean Jaur\u00e8s (FR) et l\u2019Institut d&rsquo;histoire ouvri\u00e8re et sociale (IHOES)- \u00e0 l\u2019organisation d\u2019une journ\u00e9e de rencontres sur le th\u00e8me\u00a0des <strong><em>Repr\u00e9sentations et positions du mouvement ouvrier belge dans le mouvement ouvrier europ\u00e9en\u00a0: mod\u00e8le, r\u00e9seaux, centre<\/em><\/strong>. Le programme complet sera bient\u00f4t disponible sur notre site internet.<\/li><\/ul>\n\n\n\n<p>Vous pouvez suivre nos activit\u00e9s sur notre site internet (<a href=\"https:\/\/l.facebook.com\/l.php?u=http%3A%2F%2Fwww.institut-liebman.be%2F%3Ffbclid%3DIwAR0FbDsyhxQCOxDejIPpDaICuV_iqzFnB2wxYuknz5Lp3whX-LumWRWvy_g&amp;h=AT3hJnlml19lTZKFnaWbL8Dv4glwpOvo7bGDbC1knLN_tltm1jpVqPkKtTudhlVRXPSRV_QGIjbMOKGDibC62zVA3g-kEeeUU-EObDxFl0Ig89JmyvIEyWO68tzlHfbKLQ-d&amp;__tn__=q&amp;c%5b0%5d=AT1kQ3hcgk1ScjxKP7pjvosZ-Nl1oFmIcdBtrdAQ_GkwDlfx3kqvL719-TT3cSMBO5-jBxXx_YCL5sYSRQuzggFK5QjqcQ3mUZ0pmLtdnaSWXJCcta-BlX6W-uejWNfuxyXL9-5nPFd0V6azuXmB_ynzvRZD\" target=\"_blank\" rel=\"noreferrer noopener\">www.institut-liebman.be<\/a>) via les r\u00e9seaux sociaux ou en vous abonnant \u00e0 notre newsletter (via le site ou en nous envoyant un courriel \u00e0 <a href=\"mailto:institut.liebman@ulb.be\">institut.liebman@ulb.be<\/a>, avec en objet \u00ab&nbsp;inscription newsletter&nbsp;\u00bb).&nbsp;&nbsp; &nbsp;<\/p>\n\n\n\n<p>Enfin, au-del\u00e0 de ces activit\u00e9s organis\u00e9es ponctuellement, nous poursuivons intensivement notre travail autour du <strong><em>Dictionnaire biographique du Mouvement ouvrier<\/em> en ligne <\/strong>(rubrique \u00ab\u00a0Belgique\u00a0\u00bb sur le site <a href=\"http:\/\/maitron.fr\/\" target=\"_blank\" rel=\"noreferrer noopener\">http:\/\/maitron.fr\/<\/a>) <strong>et de la publication d\u2019un volume papier<\/strong>. Notre <strong>site web<\/strong> et notre pr\u00e9sence sur les r\u00e9seaux sociaux continuent d\u2019\u00eatre d\u00e9velopp\u00e9s, et nous travaillons \u00e9galement actuellement au classement de<strong> notre biblioth\u00e8que et inventorisation de nos collections (journaux, archives)<\/strong>, en vue de la cr\u00e9ation d\u2019un catalogue en ligne.<\/p>\n","protected":false},"excerpt":{"rendered":"<p>L\u2019Institut organise les chaires annuelles Marcel Liebman, de nombreux s\u00e9minaires, colloques, congr\u00e8s et autres manifestations. Nous \u00e9ditons \u00e9galement des livres, des documents, actes de conf\u00e9rence et nous collaborons \u00e9galement intensivement au projet CREATION-Factori (sur l\u2019histoire et la m\u00e9moire ouvri\u00e8re dans le bassin de Charleroi Hainaut-Sud, voir plus bas) et au Dictionnaire biographique du Mouvement ouvrier en ligne. Nous assurons enfin la gestion de la biblioth\u00e8que de l\u2019Institut, qui a fusionn\u00e9 avec celle du Centre d\u2019Histoire et de Sociologie des Gauches,<\/p>\n","protected":false},"author":3,"featured_media":0,"comment_status":"closed","ping_status":"open","sticky":false,"template":"","format":"standard","meta":{"footnotes":""},"categories":[10],"tags":[],"class_list":["post-1238","post","type-post","status-publish","format-standard","hentry","category-actualites"],"_links":{"self":[{"href":"https:\/\/www.institut-liebman.be\/index.php\/wp-json\/wp\/v2\/posts\/1238","targetHints":{"allow":["GET"]}}],"collection":[{"href":"https:\/\/www.institut-liebman.be\/index.php\/wp-json\/wp\/v2\/posts"}],"about":[{"href":"https:\/\/www.institut-liebman.be\/index.php\/wp-json\/wp\/v2\/types\/post"}],"author":[{"embeddable":true,"href":"https:\/\/www.institut-liebman.be\/index.php\/wp-json\/wp\/v2\/users\/3"}],"replies":[{"embeddable":true,"href":"https:\/\/www.institut-liebman.be\/index.php\/wp-json\/wp\/v2\/comments?post=1238"}],"version-history":[{"count":1,"href":"https:\/\/www.institut-liebman.be\/index.php\/wp-json\/wp\/v2\/posts\/1238\/revisions"}],"predecessor-version":[{"id":1240,"href":"https:\/\/www.institut-liebman.be\/index.php\/wp-json\/wp\/v2\/posts\/1238\/revisions\/1240"}],"wp:attachment":[{"href":"https:\/\/www.institut-liebman.be\/index.php\/wp-json\/wp\/v2\/media?parent=1238"}],"wp:term":[{"taxonomy":"category","embeddable":true,"href":"https:\/\/www.institut-liebman.be\/index.php\/wp-json\/wp\/v2\/categories?post=1238"},{"taxonomy":"post_tag","embeddable":true,"href":"https:\/\/www.institut-liebman.be\/index.php\/wp-json\/wp\/v2\/tags?post=1238"}],"curies":[{"name":"wp","href":"https:\/\/api.w.org\/{rel}","templated":true}]}}