{"id":1182,"date":"2023-06-15T14:05:19","date_gmt":"2023-06-15T12:05:19","guid":{"rendered":"http:\/\/www.institut-liebman.be\/?p=1182"},"modified":"2023-06-15T15:25:18","modified_gmt":"2023-06-15T13:25:18","slug":"conference-du-docteur-m-barghouti-sur-la-situation-en-palestine-mercredi-28-juin-2023-a18h-ulb","status":"publish","type":"post","link":"https:\/\/www.institut-liebman.be\/index.php\/2023\/06\/15\/conference-du-docteur-m-barghouti-sur-la-situation-en-palestine-mercredi-28-juin-2023-a18h-ulb\/","title":{"rendered":"Conf\u00e9rence du Docteur M. Barghouti sur la situation en Palestine &#8211; Mercredi 28 juin 2023 \u00e0 18h (ULB)"},"content":{"rendered":"\n<p>\u00c0 l&rsquo;invitation de Hope for Palestinian Students, de l&rsquo;Association belgo-palestinienne et de l&rsquo;Institut Marcel Liebman, le Docteur Mustafa BARGHOUTI nous fait l\u2019honneur de donner une conf\u00e9rence \u00e0 l&rsquo;ULB, le mercredi 28 juin 2023, \u00e0 18h. <\/p>\n\n\n\n<p>Lieu : auditoire Baudoux, b\u00e2timent U, porte A &#8211; UA2.114, Campus du Solbosch (c\u00f4t\u00e9 avenue Depage). Voir plan : <a href=\"https:\/\/www.ulb.be\/fr\/solbosch\/plan-du-campus\" target=\"_blank\" rel=\"noreferrer noopener\">https:\/\/www.ulb.be\/fr\/solbosch\/plan-du-campus<\/a>. <\/p>\n\n\n\n<p>La conf\u00e9rence aura lieu en anglais avec traduction simultan\u00e9e en fran\u00e7ais.<br>Entr\u00e9e gratuite. <\/p>\n\n\n\n<p>Le Docteur BARGHOUTI est m\u00e9decin, fondateur de PMRS (Palestinian Medical Relief Society), une ONG qui fournit notamment des soins m\u00e9dicaux de premi\u00e8re ligne en Cisjordanie et dans la bande de Gaza, et au sein de laquelle il a cr\u00e9\u00e9 l&rsquo;\u00e9cole de formation de travailleuses en sant\u00e9 communautaire situ\u00e9e \u00e0 Ramallah.<\/p>\n\n\n\n<p>Il est aussi l&rsquo;un des fondateurs du Health, Development, Information and Policy Institute, un think-tank repr\u00e9sentant une alliance de 90 organisations communautaires palestinennes.<\/p>\n\n\n\n<p>C&rsquo;est aussi un homme politique, fondateur en 2002, avec Hayder Abdel Shafi, Ibrahim Dakkak et Edward Sa\u00efd, de l&rsquo;Initiative nationale palestinienne, qui devait cr\u00e9er une alternative r\u00e9formiste globale \u00e0 la fois \u00e0 l&rsquo;OLP et aux groupes de militants islamistes tels que le Hamas.<\/p>\n\n\n\n<p>\u00c0 l&rsquo;heure o\u00f9 Isra\u00ebl s&rsquo;offre le gouvernement le plus \u00e0 droite de son Histoire, avec la participation d&rsquo;extr\u00e9mistes et de supr\u00e9macistes religieux totalement d\u00e9complex\u00e9s, o\u00f9 la colonisation s&rsquo;intensifie, o\u00f9 la violence des colons ne conna\u00eet gu\u00e8re de limites, o\u00f9 le racisme et l&rsquo;apartheid se d\u00e9ploient sans vergogne et o\u00f9 les expulsions et la d\u00e9possession des Palestiniens s&rsquo;acc\u00e9l\u00e8rent, le Docteur BARGHOUTI nous proposera un \u00e9tat des lieux circonstanci\u00e9 de la situation en Palestine-Isra\u00ebl, une analyse des enjeux en cours et des perspectives pour l&rsquo;avenir de cette r\u00e9gion et de ses peuples.<\/p>\n\n\n\n<p>Site internet de Hope for Palestinian Students asbl : <a href=\"http:\/\/www.hopeforpalestinianstudents.be\" target=\"_blank\" rel=\"noreferrer noopener\">www.hopeforpalestinianstudents.be<\/a> &#8211; Adresse mail : <a href=\"mailto:info@hopeforpalestinianstudents.be\" target=\"_blank\" rel=\"noreferrer noopener\">info@hopeforpalestinianstudents.be<\/a><\/p>\n\n\n\n<p>Site internet de l&rsquo;ABP : <a href=\"https:\/\/www.association-belgo-palestinienne.be\/?fbclid=IwAR1b4_9fqWmH4Et1nmRuut_JgYLW3ufCu0aavzzyMt8LAF56Nd4xpWCHSwc\" target=\"_blank\" rel=\"noreferrer noopener\">https:\/\/www.association-belgo-palestinienne.be\/<\/a><\/p>\n\n\n\n<p>Lien vers l&rsquo;\u00e9v\u00e9nement Facebook : <a href=\"https:\/\/www.facebook.com\/events\/768419654776017\/\" target=\"_blank\" rel=\"noreferrer noopener\">https:\/\/www.facebook.com\/events\/768419654776017\/<\/a><\/p>\n\n\n\n<figure class=\"wp-block-image size-large is-resized\"><img loading=\"lazy\" decoding=\"async\" src=\"https:\/\/www.institut-liebman.be\/wp-content\/uploads\/2023\/06\/Confe\u0301rence-Barghouti-28-06-2023-page-001-724x1024.jpg\" alt=\"\" class=\"wp-image-1183\" width=\"922\" height=\"1304\" srcset=\"https:\/\/www.institut-liebman.be\/wp-content\/uploads\/2023\/06\/Confe\u0301rence-Barghouti-28-06-2023-page-001-724x1024.jpg 724w, https:\/\/www.institut-liebman.be\/wp-content\/uploads\/2023\/06\/Confe\u0301rence-Barghouti-28-06-2023-page-001-212x300.jpg 212w, https:\/\/www.institut-liebman.be\/wp-content\/uploads\/2023\/06\/Confe\u0301rence-Barghouti-28-06-2023-page-001-768x1087.jpg 768w, https:\/\/www.institut-liebman.be\/wp-content\/uploads\/2023\/06\/Confe\u0301rence-Barghouti-28-06-2023-page-001-1085x1536.jpg 1085w, https:\/\/www.institut-liebman.be\/wp-content\/uploads\/2023\/06\/Confe\u0301rence-Barghouti-28-06-2023-page-001-1447x2048.jpg 1447w, https:\/\/www.institut-liebman.be\/wp-content\/uploads\/2023\/06\/Confe\u0301rence-Barghouti-28-06-2023-page-001-scaled.jpg 1809w\" sizes=\"auto, (max-width: 922px) 100vw, 922px\" \/><\/figure>\n\n\n\n<p><\/p>\n","protected":false},"excerpt":{"rendered":"<p>\u00c0 l&rsquo;invitation de Hope for Palestinian Students, de l&rsquo;Association belgo-palestinienne et de l&rsquo;Institut Marcel Liebman, le Docteur Mustafa BARGHOUTI nous fait l\u2019honneur de donner une conf\u00e9rence \u00e0 l&rsquo;ULB, le mercredi 28 juin 2023, \u00e0 18h. Lieu : auditoire Baudoux, b\u00e2timent U, porte A &#8211; UA2.114, Campus du Solbosch (c\u00f4t\u00e9 avenue Depage). Voir plan : https:\/\/www.ulb.be\/fr\/solbosch\/plan-du-campus. La conf\u00e9rence aura lieu en anglais avec traduction simultan\u00e9e en fran\u00e7ais.Entr\u00e9e gratuite. Le Docteur BARGHOUTI est m\u00e9decin, fondateur de PMRS (Palestinian Medical Relief Society), une<\/p>\n","protected":false},"author":3,"featured_media":1183,"comment_status":"closed","ping_status":"open","sticky":false,"template":"","format":"standard","meta":{"footnotes":""},"categories":[10,5],"tags":[218,17,54],"class_list":["post-1182","post","type-post","status-publish","format-standard","has-post-thumbnail","hentry","category-actualites","category-colloques-et-conferences","tag-barghouti","tag-israel","tag-palestine"],"_links":{"self":[{"href":"https:\/\/www.institut-liebman.be\/index.php\/wp-json\/wp\/v2\/posts\/1182","targetHints":{"allow":["GET"]}}],"collection":[{"href":"https:\/\/www.institut-liebman.be\/index.php\/wp-json\/wp\/v2\/posts"}],"about":[{"href":"https:\/\/www.institut-liebman.be\/index.php\/wp-json\/wp\/v2\/types\/post"}],"author":[{"embeddable":true,"href":"https:\/\/www.institut-liebman.be\/index.php\/wp-json\/wp\/v2\/users\/3"}],"replies":[{"embeddable":true,"href":"https:\/\/www.institut-liebman.be\/index.php\/wp-json\/wp\/v2\/comments?post=1182"}],"version-history":[{"count":5,"href":"https:\/\/www.institut-liebman.be\/index.php\/wp-json\/wp\/v2\/posts\/1182\/revisions"}],"predecessor-version":[{"id":1191,"href":"https:\/\/www.institut-liebman.be\/index.php\/wp-json\/wp\/v2\/posts\/1182\/revisions\/1191"}],"wp:featuredmedia":[{"embeddable":true,"href":"https:\/\/www.institut-liebman.be\/index.php\/wp-json\/wp\/v2\/media\/1183"}],"wp:attachment":[{"href":"https:\/\/www.institut-liebman.be\/index.php\/wp-json\/wp\/v2\/media?parent=1182"}],"wp:term":[{"taxonomy":"category","embeddable":true,"href":"https:\/\/www.institut-liebman.be\/index.php\/wp-json\/wp\/v2\/categories?post=1182"},{"taxonomy":"post_tag","embeddable":true,"href":"https:\/\/www.institut-liebman.be\/index.php\/wp-json\/wp\/v2\/tags?post=1182"}],"curies":[{"name":"wp","href":"https:\/\/api.w.org\/{rel}","templated":true}]}}