{"id":1135,"date":"2023-02-10T11:26:05","date_gmt":"2023-02-10T10:26:05","guid":{"rendered":"http:\/\/www.institut-liebman.be\/?p=1135"},"modified":"2023-02-10T11:26:06","modified_gmt":"2023-02-10T10:26:06","slug":"revolte-au-moulin-de-marchienne-1867-presentation-un-jour-dans-lhistoire-la-premiere-rtbf-radio","status":"publish","type":"post","link":"https:\/\/www.institut-liebman.be\/index.php\/2023\/02\/10\/revolte-au-moulin-de-marchienne-1867-presentation-un-jour-dans-lhistoire-la-premiere-rtbf-radio\/","title":{"rendered":"R\u00e9volte au moulin de Marchienne (1867) &#8211; Pr\u00e9sentation \u00ab\u00a0Un Jour dans l&rsquo;Histoire\u00a0\u00bb (La Premi\u00e8re &#8211; RTBF radio)"},"content":{"rendered":"\n<p>\u00c0 l&rsquo;occasion du Festival de Cr\u00e9ation-Factori, coorganis\u00e9 par l&rsquo;Institut Marcel Liebman, Francine Bolle, notre coordinatrice et historienne, a retrac\u00e9 l&rsquo;historique de cette r\u00e9volte (sur fond de gr\u00e8ve, d&rsquo;\u00e9pid\u00e9mie de chol\u00e9ra et de p\u00e9nurie alimentaire, dans la Belgique industrielle du XIX\u00e8me si\u00e8cle) dans l&rsquo;\u00e9mission \u00ab\u00a0Un Jour dans l&rsquo;Histoire\u00a0\u00bb de Laurent Dehossay sur La Premi\u00e8re RTBF Radio. <\/p>\n\n\n\n<p>Vous pouvez \u00e9couter l&rsquo;\u00e9mission via le lien suivant : <\/p>\n\n\n\n<p><a href=\"https:\/\/auvio.rtbf.be\/media\/un-jour-dans-lhistoire-2996265\">https:\/\/auvio.rtbf.be\/media\/un-jour-dans-lhistoire-2996265<\/a><\/p>\n\n\n\n<p><\/p>\n","protected":false},"excerpt":{"rendered":"<p>\u00c0 l&rsquo;occasion du Festival de Cr\u00e9ation-Factori, coorganis\u00e9 par l&rsquo;Institut Marcel Liebman, Francine Bolle, notre coordinatrice et historienne, a retrac\u00e9 l&rsquo;historique de cette r\u00e9volte (sur fond de gr\u00e8ve, d&rsquo;\u00e9pid\u00e9mie de chol\u00e9ra et de p\u00e9nurie alimentaire, dans la Belgique industrielle du XIX\u00e8me si\u00e8cle) dans l&rsquo;\u00e9mission \u00ab\u00a0Un Jour dans l&rsquo;Histoire\u00a0\u00bb de Laurent Dehossay sur La Premi\u00e8re RTBF Radio. Vous pouvez \u00e9couter l&rsquo;\u00e9mission via le lien suivant : https:\/\/auvio.rtbf.be\/media\/un-jour-dans-lhistoire-2996265<\/p>\n","protected":false},"author":3,"featured_media":1136,"comment_status":"closed","ping_status":"open","sticky":false,"template":"","format":"standard","meta":{"footnotes":""},"categories":[10],"tags":[],"class_list":["post-1135","post","type-post","status-publish","format-standard","has-post-thumbnail","hentry","category-actualites"],"_links":{"self":[{"href":"https:\/\/www.institut-liebman.be\/index.php\/wp-json\/wp\/v2\/posts\/1135","targetHints":{"allow":["GET"]}}],"collection":[{"href":"https:\/\/www.institut-liebman.be\/index.php\/wp-json\/wp\/v2\/posts"}],"about":[{"href":"https:\/\/www.institut-liebman.be\/index.php\/wp-json\/wp\/v2\/types\/post"}],"author":[{"embeddable":true,"href":"https:\/\/www.institut-liebman.be\/index.php\/wp-json\/wp\/v2\/users\/3"}],"replies":[{"embeddable":true,"href":"https:\/\/www.institut-liebman.be\/index.php\/wp-json\/wp\/v2\/comments?post=1135"}],"version-history":[{"count":1,"href":"https:\/\/www.institut-liebman.be\/index.php\/wp-json\/wp\/v2\/posts\/1135\/revisions"}],"predecessor-version":[{"id":1137,"href":"https:\/\/www.institut-liebman.be\/index.php\/wp-json\/wp\/v2\/posts\/1135\/revisions\/1137"}],"wp:featuredmedia":[{"embeddable":true,"href":"https:\/\/www.institut-liebman.be\/index.php\/wp-json\/wp\/v2\/media\/1136"}],"wp:attachment":[{"href":"https:\/\/www.institut-liebman.be\/index.php\/wp-json\/wp\/v2\/media?parent=1135"}],"wp:term":[{"taxonomy":"category","embeddable":true,"href":"https:\/\/www.institut-liebman.be\/index.php\/wp-json\/wp\/v2\/categories?post=1135"},{"taxonomy":"post_tag","embeddable":true,"href":"https:\/\/www.institut-liebman.be\/index.php\/wp-json\/wp\/v2\/tags?post=1135"}],"curies":[{"name":"wp","href":"https:\/\/api.w.org\/{rel}","templated":true}]}}